{"id":5577,"date":"2026-04-13T16:47:18","date_gmt":"2026-04-13T14:47:18","guid":{"rendered":"https:\/\/www.belha-collection.com\/?p=5577"},"modified":"2026-04-20T10:39:14","modified_gmt":"2026-04-20T08:39:14","slug":"thalasso-cote-basque-comment-choisir-le-sejour-qui-vous-correspond","status":"publish","type":"post","link":"https:\/\/www.belha-collection.com\/en\/thalasso-cote-basque-comment-choisir-le-sejour-qui-vous-correspond\/","title":{"rendered":"Thalasso C\u00f4te Basque : comment choisir le s\u00e9jour qui vous correspond ?"},"content":{"rendered":"<div data-elementor-type=\"wp-post\" data-elementor-id=\"5577\" class=\"elementor elementor-5577\" data-elementor-post-type=\"post\">\n\t\t\t\t<div class=\"elementor-element elementor-element-351bc87 e-flex e-con-boxed e-con e-parent\" data-id=\"351bc87\" data-element_type=\"container\" data-e-type=\"container\">\n\t\t\t\t\t<div class=\"e-con-inner\">\n\t\t\t\t<div class=\"elementor-element elementor-element-599d4a95 elementor-widget elementor-widget-text-editor\" data-id=\"599d4a95\" data-element_type=\"widget\" data-e-type=\"widget\" data-widget_type=\"text-editor.default\">\n\t\t\t\t<div class=\"elementor-widget-container\">\n\t\t\t\t\t\t\t\t\t<p class=\"\" data-start=\"303\" data-end=\"550\"><b>La C\u00f4te Basque est un v\u00e9ritable havre de d\u00e9tente et de douceur au milieu de paysages magnifiques. Si vous souhaitez vous ressourcer seul(e) ou en couple, la thalassoth\u00e9rapie fait partie des activit\u00e9s incontournables de la r\u00e9gion. Comment choisir le s\u00e9jour qui vous correspond ? Prestations disponibles, budget, dur\u00e9e, voici nos conseils pratiques pour d\u00e9nicher <\/b><a href=\"https:\/\/www.belha-collection.com\/en\/thalassotherapy-expertise-basque-country\/\"><b>votre thalasso id\u00e9ale au Pays Basque<\/b><\/a><b>.\u00a0 <\/b><\/p>\n<p><!-- \/wp:paragraph --><\/p>\n<p><!-- wp:paragraph --><\/p>\n<p><!-- \/wp:paragraph --><\/p>\n<p><!-- wp:paragraph --><\/p>\n<p><!-- \/wp:paragraph --><\/p>\n<p><!-- wp:list --><\/p>\n<ul>\n<li style=\"list-style-type: none;\">\n<ul><!-- wp:list-item --><\/ul>\n<\/li>\n<\/ul>\n<p><!-- \/wp:list-item --><\/p>\n<p><!-- \/wp:list --><\/p>\t\t\t\t\t\t\t\t<\/div>\n\t\t\t\t<\/div>\n\t\t\t\t\t<\/div>\n\t\t\t\t<\/div>\n\t\t<div class=\"elementor-element elementor-element-048b541 e-flex e-con-boxed e-con e-parent\" data-id=\"048b541\" data-element_type=\"container\" data-e-type=\"container\">\n\t\t\t\t\t<div class=\"e-con-inner\">\n\t\t\t\t<div class=\"elementor-element elementor-element-19c85a6 elementor-widget elementor-widget-heading\" data-id=\"19c85a6\" data-element_type=\"widget\" data-e-type=\"widget\" data-widget_type=\"heading.default\">\n\t\t\t\t<div class=\"elementor-widget-container\">\n\t\t\t\t\t<h2 class=\"elementor-heading-title elementor-size-default\">Pays Basque : premi\u00e8re r\u00e9gion fran\u00e7aise de la thalassoth\u00e9rapie<\/h2>\t\t\t\t<\/div>\n\t\t\t\t<\/div>\n\t\t\t\t<div class=\"elementor-element elementor-element-21c075c elementor-widget elementor-widget-text-editor\" data-id=\"21c075c\" data-element_type=\"widget\" data-e-type=\"widget\" data-widget_type=\"text-editor.default\">\n\t\t\t\t<div class=\"elementor-widget-container\">\n\t\t\t\t\t\t\t\t\t<p><span style=\"font-weight: 400;\">Entre oc\u00e9an Atlantique, plages sauvages et douceur du climat sur fond de sommets pyr\u00e9n\u00e9ens, la C\u00f4te Basque offre des conditions id\u00e9ales pour se ressourcer profond\u00e9ment. Ici, votre exp\u00e9rience thalasso ne se limite pas aux soins. La nature, le rythme de vie et l\u2019atmosph\u00e8re participent aussi aux bienfaits du s\u00e9jour.<\/span><\/p>\n<p><b>L\u2019air marin de l\u2019oc\u00e9an<\/b><span style=\"font-weight: 400;\">, naturellement charg\u00e9 en iode et en min\u00e9raux, procure une sensation de vitalit\u00e9 d\u00e8s les premiers instants. Respirer face \u00e0 l\u2019horizon, marcher le long de la plage ou simplement profiter du climat temp\u00e9r\u00e9 font partie int\u00e9grante de votre remise en forme.\u00a0<\/span><\/p>\n<p><span style=\"font-weight: 400;\">Historiquement, la thalassoth\u00e9rapie est solidement ancr\u00e9e sur la c\u00f4te basque. <\/span><b>D\u00e8s le XIXe si\u00e8cle, la r\u00e9gion de <\/b><a href=\"https:\/\/fr.wikipedia.org\/wiki\/Biarritz\" rel=\"nofollow noopener\" target=\"_blank\"><b>Biarritz devient une destination r\u00e9put\u00e9e pour les bains marins<\/b><\/a><span style=\"font-weight: 400;\">, encourag\u00e9s par l\u2019engouement des \u00e9lites europ\u00e9ennes pour les bienfaits de l\u2019oc\u00e9an.<\/span><\/p>\n<p><span style=\"font-weight: 400;\">La r\u00e9gion basque d\u00e9veloppe avec le temps une <\/span><b>v\u00e9ritable expertise autour des bienfaits de l\u2019eau de mer, des algues et du climat oc\u00e9anique<\/b><span style=\"font-weight: 400;\">. Cette tradition s\u2019appuie sur des infrastructures sp\u00e9cialis\u00e9es et un savoir-faire reconnu que perp\u00e9tue Belha Collection, permettant aujourd\u2019hui de proposer des exp\u00e9riences adapt\u00e9es \u00e0 diff\u00e9rents besoins : d\u00e9tente, remise en forme ou simple pause revitalisante.<\/span><\/p>\t\t\t\t\t\t\t\t<\/div>\n\t\t\t\t<\/div>\n\t\t\t\t\t<\/div>\n\t\t\t\t<\/div>\n\t\t<div class=\"elementor-element elementor-element-d99f34e e-flex e-con-boxed e-con e-parent\" data-id=\"d99f34e\" data-element_type=\"container\" data-e-type=\"container\">\n\t\t\t\t\t<div class=\"e-con-inner\">\n\t\t\t\t<div class=\"elementor-element elementor-element-a92eded elementor-widget elementor-widget-image\" data-id=\"a92eded\" data-element_type=\"widget\" data-e-type=\"widget\" data-widget_type=\"image.default\">\n\t\t\t\t<div class=\"elementor-widget-container\">\n\t\t\t\t\t\t\t\t\t\t\t\t\t\t\t<img fetchpriority=\"high\" decoding=\"async\" width=\"800\" height=\"450\" src=\"https:\/\/www.belha-collection.com\/wp-content\/uploads\/2026\/04\/cote-basque_3-1024x576.jpg\" class=\"attachment-large size-large wp-image-5616\" alt=\"Pays Basque : premi\u00e8re r\u00e9gion fran\u00e7aise de la thalassoth\u00e9rapie\u200b\" srcset=\"https:\/\/www.belha-collection.com\/wp-content\/uploads\/2026\/04\/cote-basque_3-1024x576.jpg 1024w, https:\/\/www.belha-collection.com\/wp-content\/uploads\/2026\/04\/cote-basque_3-300x169.jpg 300w, https:\/\/www.belha-collection.com\/wp-content\/uploads\/2026\/04\/cote-basque_3-768x432.jpg 768w, https:\/\/www.belha-collection.com\/wp-content\/uploads\/2026\/04\/cote-basque_3-1536x864.jpg 1536w, https:\/\/www.belha-collection.com\/wp-content\/uploads\/2026\/04\/cote-basque_3-18x10.jpg 18w, https:\/\/www.belha-collection.com\/wp-content\/uploads\/2026\/04\/cote-basque_3.jpg 1920w\" sizes=\"(max-width: 800px) 100vw, 800px\" \/>\t\t\t\t\t\t\t\t\t\t\t\t\t\t\t<\/div>\n\t\t\t\t<\/div>\n\t\t\t\t<div class=\"elementor-element elementor-element-cb8f681 elementor-widget elementor-widget-heading\" data-id=\"cb8f681\" data-element_type=\"widget\" data-e-type=\"widget\" data-widget_type=\"heading.default\">\n\t\t\t\t<div class=\"elementor-widget-container\">\n\t\t\t\t\t<h2 class=\"elementor-heading-title elementor-size-default\">Cure thalasso ou week-end bien-\u00eatre : quelle formule choisir ?<\/h2>\t\t\t\t<\/div>\n\t\t\t\t<\/div>\n\t\t\t\t<div class=\"elementor-element elementor-element-684a40a elementor-widget elementor-widget-heading\" data-id=\"684a40a\" data-element_type=\"widget\" data-e-type=\"widget\" data-widget_type=\"heading.default\">\n\t\t\t\t<div class=\"elementor-widget-container\">\n\t\t\t\t\t<h3 class=\"elementor-heading-title elementor-size-default\">Le week-end thalasso : une parenth\u00e8se d\u00e9tente accessible\n<\/h3>\t\t\t\t<\/div>\n\t\t\t\t<\/div>\n\t\t\t\t<div class=\"elementor-element elementor-element-662e5d7 elementor-widget elementor-widget-text-editor\" data-id=\"662e5d7\" data-element_type=\"widget\" data-e-type=\"widget\" data-widget_type=\"text-editor.default\">\n\t\t\t\t<div class=\"elementor-widget-container\">\n\t\t\t\t\t\t\t\t\t<p><span style=\"font-weight: 400;\">Besoin d\u2019une pause bien-\u00eatre sans avoir besoin de poser des vacances ? Le week-end thalasso est une excellente option. Sur un format court de deux \u00e0 trois jours, il permet de rel\u00e2cher les tensions accumul\u00e9es et de retrouver une sensation de l\u00e9g\u00e8ret\u00e9, dans un cadre apaisant face \u00e0 l\u2019oc\u00e9an.\u00a0<\/span><\/p>\n<p><b>Les programmes incluent g\u00e9n\u00e9ralement quelques soins cibl\u00e9s<\/b> <b>dans des espaces d\u00e9di\u00e9s au bien-\u00eatre<\/b><span style=\"font-weight: 400;\"> : bassins d\u2019eau de mer chauff\u00e9e, hammam, sauna. Vous pourrez \u00e9galement profiter des activit\u00e9s locales, comme une promenade sur la plage, un d\u00eener face \u00e0 l\u2019oc\u00e9an ou la d\u00e9couverte du patrimoine basque.<\/span><\/p>\n<p><span style=\"font-weight: 400;\">L\u2019avantage est que <\/span><b>ce type de week-end est facile \u00e0 organiser.<\/b><span style=\"font-weight: 400;\"> Biarritz est desservie par un a\u00e9roport (1h20 depuis Paris) et une gare (moins de 2h depuis Bordeaux). Anglet et Bayonne sont reli\u00e9es aux principales villes fran\u00e7aises par des lignes TGV directes. En voiture, l\u2019acc\u00e8s est \u00e9galement simple gr\u00e2ce \u00e0 l\u2019autoroute A63 reliant Bordeaux, Toulouse ou encore l\u2019Espagne.<\/span><\/p>\t\t\t\t\t\t\t\t<\/div>\n\t\t\t\t<\/div>\n\t\t\t\t\t<\/div>\n\t\t\t\t<\/div>\n\t\t<div class=\"elementor-element elementor-element-360609a e-flex e-con-boxed e-con e-parent\" data-id=\"360609a\" data-element_type=\"container\" data-e-type=\"container\">\n\t\t\t\t\t<div class=\"e-con-inner\">\n\t\t\t\t<div class=\"elementor-element elementor-element-79efae6 elementor-widget elementor-widget-heading\" data-id=\"79efae6\" data-element_type=\"widget\" data-e-type=\"widget\" data-widget_type=\"heading.default\">\n\t\t\t\t<div class=\"elementor-widget-container\">\n\t\t\t\t\t<h3 class=\"elementor-heading-title elementor-size-default\">La cure thalasso : une approche plus compl\u00e8te du bien-\u00eatre\n<\/h3>\t\t\t\t<\/div>\n\t\t\t\t<\/div>\n\t\t\t\t<div class=\"elementor-element elementor-element-6ea7652 elementor-widget elementor-widget-text-editor\" data-id=\"6ea7652\" data-element_type=\"widget\" data-e-type=\"widget\" data-widget_type=\"text-editor.default\">\n\t\t\t\t<div class=\"elementor-widget-container\">\n\t\t\t\t\t\t\t\t\t<p><span style=\"font-weight: 400;\">La cure thalasso permet de profiter pleinement des vertus du milieu marin sur plusieurs jours voire semaines. Le but est de laisser au corps le temps d\u2019int\u00e9grer les bienfaits des soins et de retrouver un \u00e9quilibre durable.<\/span><\/p>\n<p><span style=\"font-weight: 400;\">La cure propose un <\/span><b>programme structur\u00e9, avec une succession de soins planifi\u00e9s selon un rythme pr\u00e9cis<\/b><span style=\"font-weight: 400;\">. Bains d\u2019eau de mer, enveloppements d\u2019algues, modelages ou s\u00e9ances de relaxation s\u2019encha\u00eenent dans une logique progressive.<\/span><\/p>\n<p><span style=\"font-weight: 400;\">Ce format plus immersif permet \u00e9galement d\u2019adopter un rythme plus apais\u00e9, propice au l\u00e2cher-prise. Le cadre oc\u00e9anique, l\u2019air marin et l\u2019environnement naturel de la C\u00f4te Basque vous donneront une impression de pause hors du temps.\u00a0<\/span><\/p>\t\t\t\t\t\t\t\t<\/div>\n\t\t\t\t<\/div>\n\t\t\t\t\t<\/div>\n\t\t\t\t<\/div>\n\t\t<div class=\"elementor-element elementor-element-0ae91aa e-flex e-con-boxed e-con e-parent\" data-id=\"0ae91aa\" data-element_type=\"container\" data-e-type=\"container\">\n\t\t\t\t\t<div class=\"e-con-inner\">\n\t\t\t\t<div class=\"elementor-element elementor-element-42fbe37 elementor-widget elementor-widget-heading\" data-id=\"42fbe37\" data-element_type=\"widget\" data-e-type=\"widget\" data-widget_type=\"heading.default\">\n\t\t\t\t<div class=\"elementor-widget-container\">\n\t\t\t\t\t<h2 class=\"elementor-heading-title elementor-size-default\">Choisir en fonction de votre objectif \n<\/h2>\t\t\t\t<\/div>\n\t\t\t\t<\/div>\n\t\t\t\t<div class=\"elementor-element elementor-element-a5403ce elementor-widget elementor-widget-text-editor\" data-id=\"a5403ce\" data-element_type=\"widget\" data-e-type=\"widget\" data-widget_type=\"text-editor.default\">\n\t\t\t\t<div class=\"elementor-widget-container\">\n\t\t\t\t\t\t\t\t\t<p>Bonne nouvelle, l\u2019offre des centres de thalassoth\u00e9rapie s\u2019adapte \u00e0 vos besoins et \u00e0 vos envies.<\/p>\t\t\t\t\t\t\t\t<\/div>\n\t\t\t\t<\/div>\n\t\t\t\t<div class=\"elementor-element elementor-element-6aad021 elementor-widget elementor-widget-text-editor\" data-id=\"6aad021\" data-element_type=\"widget\" data-e-type=\"widget\" data-widget_type=\"text-editor.default\">\n\t\t\t\t<div class=\"elementor-widget-container\">\n\t\t\t\t\t\t\t\t\t<table>\n<thead>\n<tr>\n<th>Objectif<\/th>\n<th>B\u00e9n\u00e9fices recherch\u00e9s<\/th>\n<th>Types de soins propos\u00e9s<\/th>\n<\/tr>\n<\/thead>\n<tbody>\n<tr>\n<td><strong>Bien-\u00eatre<\/strong><\/td>\n<td>Relaxation, l\u00e2cher-prise, sensation de s\u00e9r\u00e9nit\u00e9<\/td>\n<td>Bains d\u2019eau de mer, modelages relaxants, hammam, sauna, s\u00e9ances de relaxation<\/td>\n<\/tr>\n<tr>\n<td><strong>Sant\u00e9<\/strong><\/td>\n<td>Sensation de r\u00e9cup\u00e9ration, d\u00e9tente profonde, am\u00e9lioration du confort au quotidien<\/td>\n<td>Enveloppements d\u2019algues, bains hydromassants, douches \u00e0 jet, soins remin\u00e9ralisants<\/td>\n<\/tr>\n<tr>\n<td><strong>Sport<\/strong><\/td>\n<td>R\u00e9cup\u00e9ration musculaire, sensation de l\u00e9g\u00e8ret\u00e9, d\u00e9tente du corps<\/td>\n<td>Massages cibl\u00e9s, bains dynamiques, soins drainants, s\u00e9ances d\u2019\u00e9tirements doux<\/td>\n<\/tr>\n<tr>\n<td><strong>Minceur<\/strong><\/td>\n<td>Tonification, sensation de l\u00e9g\u00e8ret\u00e9, accompagnement dans un programme bien-\u00eatre<\/td>\n<td>Enveloppements, soins drainants, modelages sp\u00e9cifiques, activit\u00e9s douces<\/td>\n<\/tr>\n<\/tbody>\n<\/table>\t\t\t\t\t\t\t\t<\/div>\n\t\t\t\t<\/div>\n\t\t\t\t\t<\/div>\n\t\t\t\t<\/div>\n\t\t<div class=\"elementor-element elementor-element-de330a2 e-flex e-con-boxed e-con e-parent\" data-id=\"de330a2\" data-element_type=\"container\" data-e-type=\"container\">\n\t\t\t\t\t<div class=\"e-con-inner\">\n\t\t\t\t<div class=\"elementor-element elementor-element-268e823 elementor-widget elementor-widget-heading\" data-id=\"268e823\" data-element_type=\"widget\" data-e-type=\"widget\" data-widget_type=\"heading.default\">\n\t\t\t\t<div class=\"elementor-widget-container\">\n\t\t\t\t\t<h3 class=\"elementor-heading-title elementor-size-default\">Quel budget pour une thalasso sur la C\u00f4te Basque ?<\/h3>\t\t\t\t<\/div>\n\t\t\t\t<\/div>\n\t\t\t\t<div class=\"elementor-element elementor-element-e315d34 elementor-widget elementor-widget-text-editor\" data-id=\"e315d34\" data-element_type=\"widget\" data-e-type=\"widget\" data-widget_type=\"text-editor.default\">\n\t\t\t\t<div class=\"elementor-widget-container\">\n\t\t\t\t\t\t\t\t\t<p><span style=\"font-weight: 400;\">Le budget peut varier en fonction du <\/span><b>niveau de confort de l\u2019\u00e9tablissement et des prestations incluses:<\/b><\/p>\n<ul>\n<li style=\"font-weight: 400;\" aria-level=\"1\"><span style=\"font-weight: 400;\">acc\u00e8s aux espaces marins,<\/span><\/li>\n<li style=\"font-weight: 400;\" aria-level=\"1\"><span style=\"font-weight: 400;\">nombre de soins,\u00a0<\/span><\/li>\n<li style=\"font-weight: 400;\" aria-level=\"1\"><span style=\"font-weight: 400;\">niveau d\u2019h\u00e9bergement,\u00a0<\/span><\/li>\n<li style=\"font-weight: 400;\" aria-level=\"1\"><span style=\"font-weight: 400;\">petits-d\u00e9jeuners ou demi-pension.<\/span><\/li>\n<\/ul>\n<p>\u00a0<\/p>\n<p><span style=\"font-weight: 400;\">Un h\u00f4tel 4 \u00e9toiles comme <\/span><a href=\"https:\/\/www.atlanthal.com\/thalasso-bien-etre-anglet\/\" rel=\"nofollow noopener\" target=\"_blank\"><span style=\"font-weight: 400;\">notre \u00e9tablissement Atlanthal \u00e0 Anglet<\/span><\/a><span style=\"font-weight: 400;\">, propose logiquement des \u00e9quipements plus complets, comme des espaces bien-\u00eatre plus \u00e9tendus, des restaurants sur place ou des chambres offrant un cadre particuli\u00e8rement reposant.<\/span><\/p>\n<p><span style=\"font-weight: 400;\">Le tarif d\u00e9pend \u00e9galement du <\/span><b>nombre de soins<\/b><span style=\"font-weight: 400;\"> int\u00e9gr\u00e9s au programme. Certains s\u00e9jours incluent quelques soins essentiels pour une pause d\u00e9tente, tandis que d\u2019autres proposent des programmes plus complets, r\u00e9partis sur plusieurs jours. Le choix du format, week-end bien-\u00eatre ou cure plus longue, influence donc naturellement le budget global.<\/span><\/p>\n<p><span style=\"font-weight: 400;\">La <\/span><b>p\u00e9riode de r\u00e9servation<\/b><span style=\"font-weight: 400;\"> peut \u00e9galement faire varier les prix. Comme pour de nombreuses destinations en bord de mer, la demande peut \u00eatre plus importante \u00e0 certaines p\u00e9riodes de l\u2019ann\u00e9e, notamment lors des vacances scolaires ou pendant la saison estivale. R\u00e9server en avance est donc pr\u00e9f\u00e9rable.<\/span><\/p>\n<p><span style=\"font-weight: 400;\">A titre d\u2019information, voici quelques gammes de prix pour nos s\u00e9jours bien-\u00eatre et thalasso<\/span><span style=\"font-weight: 400;\">\u00a0:\u00a0<\/span><\/p>\n<ul>\n<li style=\"font-weight: 400;\" aria-level=\"1\"><b>Week-end :<\/b><span style=\"font-weight: 400;\"> \u00e0 partir de 500\u20ac\/personne<\/span><\/li>\n<li style=\"font-weight: 400;\" aria-level=\"1\"><b>S\u00e9jour 3 nuits :<\/b><span style=\"font-weight: 400;\"> \u00e0 partir de 700\u20ac\/personne<\/span><\/li>\n<li style=\"font-weight: 400;\" aria-level=\"1\"><b>S\u00e9jour 4 nuits :<\/b><span style=\"font-weight: 400;\"> \u00e0 partir de 900\u20ac\/personne<\/span><\/li>\n<li style=\"font-weight: 400;\" aria-level=\"1\"><b>S\u00e9jour de 6 nuits :<\/b><span style=\"font-weight: 400;\"> \u00e0 partir de 1600 \u20ac\/personne<\/span><\/li>\n<\/ul>\t\t\t\t\t\t\t\t<\/div>\n\t\t\t\t<\/div>\n\t\t\t\t\t<\/div>\n\t\t\t\t<\/div>\n\t\t<div class=\"elementor-element elementor-element-9b89782 e-flex e-con-boxed e-con e-parent\" data-id=\"9b89782\" data-element_type=\"container\" data-e-type=\"container\">\n\t\t\t\t\t<div class=\"e-con-inner\">\n\t\t\t\t<div class=\"elementor-element elementor-element-d3aceff elementor-cta--skin-classic elementor-animated-content elementor-bg-transform elementor-bg-transform-zoom-in elementor-widget elementor-widget-call-to-action\" data-id=\"d3aceff\" data-element_type=\"widget\" data-e-type=\"widget\" data-widget_type=\"call-to-action.default\">\n\t\t\t\t<div class=\"elementor-widget-container\">\n\t\t\t\t\t\t\t<div class=\"elementor-cta\">\n\t\t\t\t\t<div class=\"elementor-cta__bg-wrapper\">\n\t\t\t\t<div class=\"elementor-cta__bg elementor-bg\" style=\"background-image: url(https:\/\/www.belha-collection.com\/wp-content\/uploads\/2026\/04\/plage_bab.17ea0ec3df9dca351998-1024x320.jpg);\" role=\"img\" aria-label=\"plage_bab.17ea0ec3df9dca351998\"><\/div>\n\t\t\t\t<div class=\"elementor-cta__bg-overlay\"><\/div>\n\t\t\t<\/div>\n\t\t\t\t\t\t\t<div class=\"elementor-cta__content\">\n\t\t\t\t\n\t\t\t\t\t\t\t\t\t<h2 class=\"elementor-cta__title elementor-cta__content-item elementor-content-item\">\n\t\t\t\t\t\tR\u00c9SERVER VOTRE THALASSO<br>SUR LA C\u00d4TE BASQUE\t\t\t\t\t<\/h2>\n\t\t\t\t\n\t\t\t\t\n\t\t\t\t\t\t\t\t\t<div class=\"elementor-cta__button-wrapper elementor-cta__content-item elementor-content-item\">\n\t\t\t\t\t<a class=\"elementor-cta__button elementor-button elementor-size-\" href=\"https:\/\/booking.biarritz-thalasso.com\/\" rel=\"nofollow noopener\" target=\"_blank\">\n\t\t\t\t\t\tBook\t\t\t\t\t<\/a>\n\t\t\t\t\t<\/div>\n\t\t\t\t\t\t\t<\/div>\n\t\t\t\t\t\t<\/div>\n\t\t\t\t\t\t<\/div>\n\t\t\t\t<\/div>\n\t\t\t\t\t<\/div>\n\t\t\t\t<\/div>\n\t\t<div class=\"elementor-element elementor-element-6df81db e-flex e-con-boxed e-con e-parent\" data-id=\"6df81db\" data-element_type=\"container\" data-e-type=\"container\">\n\t\t\t\t\t<div class=\"e-con-inner\">\n\t\t\t\t<div class=\"elementor-element elementor-element-d2b55f5 elementor-widget elementor-widget-heading\" data-id=\"d2b55f5\" data-element_type=\"widget\" data-e-type=\"widget\" data-widget_type=\"heading.default\">\n\t\t\t\t<div class=\"elementor-widget-container\">\n\t\t\t\t\t<h2 class=\"elementor-heading-title elementor-size-default\">L\u2019emplacement : oc\u00e9an, nature\nou centre-ville ?\n<\/h2>\t\t\t\t<\/div>\n\t\t\t\t<\/div>\n\t\t\t\t<div class=\"elementor-element elementor-element-b6ebd22 elementor-widget elementor-widget-text-editor\" data-id=\"b6ebd22\" data-element_type=\"widget\" data-e-type=\"widget\" data-widget_type=\"text-editor.default\">\n\t\t\t\t<div class=\"elementor-widget-container\">\n\t\t\t\t\t\t\t\t\t<p><span style=\"font-weight: 400;\">Le cadre joue beaucoup sur l\u2019exp\u00e9rience globale de votre s\u00e9jour thalasso. <\/span><b>Les \u00e9tablissements en front de mer sont souvent les plus pris\u00e9s<\/b><span style=\"font-weight: 400;\">. Le simple fait de pouvoir marcher quelques minutes pour rejoindre l\u2019oc\u00e9an renforce beaucoup la sensation de d\u00e9connexion. Le bruit des vagues, l\u2019air marin et les paysages ouverts participent naturellement \u00e0 l\u2019exp\u00e9rience bien-\u00eatre, en compl\u00e9ment des soins propos\u00e9s sur place.<\/span><\/p>\n<p><span style=\"font-weight: 400;\">Un environnement plus calme, entour\u00e9 de nature, favorise quant \u00e0 lui une v\u00e9ritable pause loin de l\u2019agitation quotidienne. La proximit\u00e9 avec des espaces verts ou des sentiers de promenade permet d\u2019alterner facilement moments de d\u00e9tente et activit\u00e9s douces. Notre <\/span><a href=\"https:\/\/www.atlanthal.com\/fr\/content\/7-hotel-les-terrasses-anglet\" rel=\"nofollow noopener\" target=\"_blank\"><span style=\"font-weight: 400;\">h\u00f4tel Thalasso et SPA Les terrasses<\/span><\/a><span style=\"font-weight: 400;\"> \u00e0 Anglet est par exemple situ\u00e9 \u00e0 quelques minutes \u00e0 pied de la r\u00e9serve naturelle de la for\u00eat du Pignada.\u00a0<\/span><\/p>\n<p><span style=\"font-weight: 400;\">Sur la C\u00f4te Basque, les distances restent courtes. Vous pourrez ainsi profiter \u00e0 la fois des bienfaits de la thalasso et de l\u2019art de vivre basque, sans contrainte de transport.<\/span><\/p>\t\t\t\t\t\t\t\t<\/div>\n\t\t\t\t<\/div>\n\t\t\t\t\t<\/div>\n\t\t\t\t<\/div>\n\t\t<div class=\"elementor-element elementor-element-899ea1b e-flex e-con-boxed e-con e-parent\" data-id=\"899ea1b\" data-element_type=\"container\" data-e-type=\"container\">\n\t\t\t\t\t<div class=\"e-con-inner\">\n\t\t\t\t<div class=\"elementor-element elementor-element-915b410 elementor-widget elementor-widget-heading\" data-id=\"915b410\" data-element_type=\"widget\" data-e-type=\"widget\" data-widget_type=\"heading.default\">\n\t\t\t\t<div class=\"elementor-widget-container\">\n\t\t\t\t\t<h3 class=\"elementor-heading-title elementor-size-default\">Le niveau de confort et les prestations propos\u00e9es\n<\/h3>\t\t\t\t<\/div>\n\t\t\t\t<\/div>\n\t\t\t\t<div class=\"elementor-element elementor-element-9460a52 elementor-widget elementor-widget-text-editor\" data-id=\"9460a52\" data-element_type=\"widget\" data-e-type=\"widget\" data-widget_type=\"text-editor.default\">\n\t\t\t\t<div class=\"elementor-widget-container\">\n\t\t\t\t\t\t\t\t\t<p><span style=\"font-weight: 400;\">Selon l\u2019\u00e9tablissement, l\u2019exp\u00e9rience peut inclure des \u00e9quipements plus ou moins complets. L\u2019objectif est de trouver l\u2019\u00e9quilibre entre confort, services et ambiance, afin de vivre une exp\u00e9rience r\u00e9ellement ressour\u00e7ante.<\/span><\/p>\n<p><span style=\"font-weight: 400;\">Notre centre Atlanthal \u00e0 Anglet dispose par exemple d\u2019un espace marin comprenant un lagon d\u2019eau de mer chauff\u00e9e avec jets massants, parcours \u00e0 contre-courant, lits \u00e0 microbulles, sauna et hammam. D\u00e9tente garantie entre chaque soin.<\/span><\/p>\n<p><span style=\"font-weight: 400;\">Selon ce que vous cherchez, il existe aussi des <\/span><b>espaces d\u00e9di\u00e9s \u00e0 la remise en forme<\/b><span style=\"font-weight: 400;\">, comme des salles de fitness. Ces infrastructures permettent d\u2019alterner soins, moments de repos et activit\u00e9s douces dans un m\u00eame lieu.<\/span><\/p>\n<p><span style=\"font-weight: 400;\">Autre sujet important pour votre s\u00e9jour : <\/span><b>la restauration<\/b><span style=\"font-weight: 400;\">. Les formules demi-pension sont tr\u00e8s pratiques et g\u00e9n\u00e9ralement de qualit\u00e9 dans les cures de thalassoth\u00e9rapie.\u00a0<\/span><\/p>\n<p><span style=\"font-weight: 400;\">Le choix du niveau de confort d\u00e9pend donc du type d\u2019exp\u00e9rience recherch\u00e9 : un s\u00e9jour orient\u00e9 expertise bien-\u00eatre avec un large \u00e9ventail de soins, ou une formule plus flexible permettant de profiter de l\u2019essentiel de la thalassoth\u00e9rapie dans un cadre apaisant. <\/span><\/p>\t\t\t\t\t\t\t\t<\/div>\n\t\t\t\t<\/div>\n\t\t\t\t<div class=\"elementor-element elementor-element-88a5d57 elementor-widget elementor-widget-heading\" data-id=\"88a5d57\" data-element_type=\"widget\" data-e-type=\"widget\" data-widget_type=\"heading.default\">\n\t\t\t\t<div class=\"elementor-widget-container\">\n\t\t\t\t\t<h2 class=\"elementor-heading-title elementor-size-default\">O\u00f9 faire une thalasso sur la C\u00f4te Basque ? \n<\/h2>\t\t\t\t<\/div>\n\t\t\t\t<\/div>\n\t\t\t\t<div class=\"elementor-element elementor-element-4b44f5f elementor-widget__width-inherit elementor-widget elementor-widget-image\" data-id=\"4b44f5f\" data-element_type=\"widget\" data-e-type=\"widget\" data-widget_type=\"image.default\">\n\t\t\t\t<div class=\"elementor-widget-container\">\n\t\t\t\t\t\t\t\t\t\t\t\t\t\t\t<img decoding=\"async\" width=\"800\" height=\"450\" src=\"https:\/\/www.belha-collection.com\/wp-content\/uploads\/2026\/04\/cote-basque_2-1024x576.jpg\" class=\"attachment-large size-large wp-image-5608\" alt=\"\" srcset=\"https:\/\/www.belha-collection.com\/wp-content\/uploads\/2026\/04\/cote-basque_2-1024x576.jpg 1024w, https:\/\/www.belha-collection.com\/wp-content\/uploads\/2026\/04\/cote-basque_2-300x169.jpg 300w, https:\/\/www.belha-collection.com\/wp-content\/uploads\/2026\/04\/cote-basque_2-768x432.jpg 768w, https:\/\/www.belha-collection.com\/wp-content\/uploads\/2026\/04\/cote-basque_2-1536x864.jpg 1536w, https:\/\/www.belha-collection.com\/wp-content\/uploads\/2026\/04\/cote-basque_2-18x10.jpg 18w, https:\/\/www.belha-collection.com\/wp-content\/uploads\/2026\/04\/cote-basque_2.jpg 1920w\" sizes=\"(max-width: 800px) 100vw, 800px\">\t\t\t\t\t\t\t\t\t\t\t\t\t\t\t<\/div>\n\t\t\t\t<\/div>\n\t\t\t\t\t<\/div>\n\t\t\t\t<\/div>\n\t\t<div class=\"elementor-element elementor-element-9664e6f e-flex e-con-boxed e-con e-parent\" data-id=\"9664e6f\" data-element_type=\"container\" data-e-type=\"container\">\n\t\t\t\t\t<div class=\"e-con-inner\">\n\t\t\t\t<div class=\"elementor-element elementor-element-3d9d56c elementor-widget elementor-widget-heading\" data-id=\"3d9d56c\" data-element_type=\"widget\" data-e-type=\"widget\" data-widget_type=\"heading.default\">\n\t\t\t\t<div class=\"elementor-widget-container\">\n\t\t\t\t\t<h3 class=\"elementor-heading-title elementor-size-default\">Biarritz : l\u2019esprit embl\u00e9matique de la C\u00f4te Basque\n<\/h3>\t\t\t\t<\/div>\n\t\t\t\t<\/div>\n\t\t\t\t<div class=\"elementor-element elementor-element-2a75930 elementor-widget elementor-widget-text-editor\" data-id=\"2a75930\" data-element_type=\"widget\" data-e-type=\"widget\" data-widget_type=\"text-editor.default\">\n\t\t\t\t<div class=\"elementor-widget-container\">\n\t\t\t\t\t\t\t\t\t<p><span style=\"font-weight: 400;\">Destination phare du Pays basque, Biarritz s\u00e9duit par son \u00e9l\u00e9gance et son atmosph\u00e8re unique entre oc\u00e9an, culture et art de vivre. Ancienne station baln\u00e9aire pris\u00e9e par les familles royales europ\u00e9ennes d\u00e8s le XIXe si\u00e8cle, la ville est aujourd\u2019hui reconnue pour son patrimoine, ses plages et son dynamisme.<\/span><\/p>\n<p><span style=\"font-weight: 400;\">L\u2019oc\u00e9an fait partie int\u00e9grante de l\u2019identit\u00e9 de la ville, offrant un environnement particuli\u00e8rement propice \u00e0 un s\u00e9jour bien-\u00eatre. <\/span><a href=\"https:\/\/www.hotel-le-biarritz.com\/\" rel=\"nofollow noopener\" target=\"_blank\"><span style=\"font-weight: 400;\">L\u2019h\u00f4tel Ibis Styles Biarritz Plage<\/span><\/a><span style=\"font-weight: 400;\">\u00a0est un point de d\u00e9part id\u00e9al pour profiter de la destination, avec une situation proche de la plage et du centre-ville.<\/span><\/p>\t\t\t\t\t\t\t\t<\/div>\n\t\t\t\t<\/div>\n\t\t\t\t\t<\/div>\n\t\t\t\t<\/div>\n\t\t<div class=\"elementor-element elementor-element-a4d4854 e-flex e-con-boxed e-con e-parent\" data-id=\"a4d4854\" data-element_type=\"container\" data-e-type=\"container\">\n\t\t\t\t\t<div class=\"e-con-inner\">\n\t\t\t\t<div class=\"elementor-element elementor-element-093edfe elementor-widget elementor-widget-heading\" data-id=\"093edfe\" data-element_type=\"widget\" data-e-type=\"widget\" data-widget_type=\"heading.default\">\n\t\t\t\t<div class=\"elementor-widget-container\">\n\t\t\t\t\t<h3 class=\"elementor-heading-title elementor-size-default\">Anglet : l\u2019\u00e9quilibre parfait entre oc\u00e9an et nature\n<\/h3>\t\t\t\t<\/div>\n\t\t\t\t<\/div>\n\t\t\t\t<div class=\"elementor-element elementor-element-9c003b7 elementor-widget elementor-widget-text-editor\" data-id=\"9c003b7\" data-element_type=\"widget\" data-e-type=\"widget\" data-widget_type=\"text-editor.default\">\n\t\t\t\t<div class=\"elementor-widget-container\">\n\t\t\t\t\t\t\t\t\t<p><span style=\"font-weight: 400;\">Situ\u00e9e entre Biarritz et Bayonne, Anglet s\u00e9duit par son environnement pr\u00e9serv\u00e9 et sa proximit\u00e9 imm\u00e9diate avec l\u2019oc\u00e9an. La ville est r\u00e9put\u00e9e pour ses longues plages de sable fin bord\u00e9es de dunes et d\u2019espaces naturels. Ici, le rythme ralentit naturellement, laissant place \u00e0 la d\u00e9tente et \u00e0 la reconnexion avec l\u2019essentiel.<\/span><\/p>\n<p><span style=\"font-weight: 400;\">La proximit\u00e9 de la plage permet d\u2019int\u00e9grer facilement des moments de promenade face \u00e0 l\u2019oc\u00e9an entre deux soins.\u00a0<\/span><\/p>\n<p><span style=\"font-weight: 400;\">Profitez de ce cadre privil\u00e9gi\u00e9 avec nos \u00e9tablissements Belha-Collection \u00e0 Anglet<\/span><span style=\"font-weight: 400;\">\u00a0:\u00a0<\/span><\/p>\t\t\t\t\t\t\t\t<\/div>\n\t\t\t\t<\/div>\n\t\t\t\t\t<\/div>\n\t\t\t\t<\/div>\n\t\t<div class=\"elementor-element elementor-element-0fcd60c e-flex e-con-boxed e-con e-parent\" data-id=\"0fcd60c\" data-element_type=\"container\" data-e-type=\"container\">\n\t\t\t\t\t<div class=\"e-con-inner\">\n\t\t\t\t<div class=\"elementor-element elementor-element-ceea157 elementor-cta--skin-classic elementor-animated-content elementor-bg-transform elementor-bg-transform-zoom-in elementor-widget elementor-widget-call-to-action\" data-id=\"ceea157\" data-element_type=\"widget\" data-e-type=\"widget\" data-widget_type=\"call-to-action.default\">\n\t\t\t\t<div class=\"elementor-widget-container\">\n\t\t\t\t\t\t\t<div class=\"elementor-cta\">\n\t\t\t\t\t\t\t<div class=\"elementor-cta__content\">\n\t\t\t\t\n\t\t\t\t\t\t\t\t\t<h2 class=\"elementor-cta__title elementor-cta__content-item elementor-content-item\">\n\t\t\t\t\t\tH\u00d4TEL 4 \u00c9TOILES ET CENTRE DE THALASSOTH\u00c9RAPIE ATLANTHAL\t\t\t\t\t<\/h2>\n\t\t\t\t\n\t\t\t\t\n\t\t\t\t\t\t\t\t\t<div class=\"elementor-cta__button-wrapper elementor-cta__content-item elementor-content-item\">\n\t\t\t\t\t<a class=\"elementor-cta__button elementor-button elementor-size-\" href=\"https:\/\/www.atlanthal.com\/\" rel=\"nofollow noopener\" target=\"_blank\">\n\t\t\t\t\t\tDiscover\t\t\t\t\t<\/a>\n\t\t\t\t\t<\/div>\n\t\t\t\t\t\t\t<\/div>\n\t\t\t\t\t\t<\/div>\n\t\t\t\t\t\t<\/div>\n\t\t\t\t<\/div>\n\t\t\t\t<div class=\"elementor-element elementor-element-b892e83 elementor-cta--skin-classic elementor-animated-content elementor-bg-transform elementor-bg-transform-zoom-in elementor-widget elementor-widget-call-to-action\" data-id=\"b892e83\" data-element_type=\"widget\" data-e-type=\"widget\" data-widget_type=\"call-to-action.default\">\n\t\t\t\t<div class=\"elementor-widget-container\">\n\t\t\t\t\t\t\t<div class=\"elementor-cta\">\n\t\t\t\t\t\t\t<div class=\"elementor-cta__content\">\n\t\t\t\t\n\t\t\t\t\t\t\t\t\t<h2 class=\"elementor-cta__title elementor-cta__content-item elementor-content-item\">\n\t\t\t\t\t\tH\u00d4TEL 3 \u00c9TOILES LES TERRASSES\t\t\t\t\t<\/h2>\n\t\t\t\t\n\t\t\t\t\n\t\t\t\t\t\t\t\t\t<div class=\"elementor-cta__button-wrapper elementor-cta__content-item elementor-content-item\">\n\t\t\t\t\t<a class=\"elementor-cta__button elementor-button elementor-size-\" href=\"https:\/\/www.atlanthal.com\/fr\/content\/7-hotel-les-terrasses-anglet\" rel=\"nofollow noopener\" target=\"_blank\">\n\t\t\t\t\t\tDiscover\t\t\t\t\t<\/a>\n\t\t\t\t\t<\/div>\n\t\t\t\t\t\t\t<\/div>\n\t\t\t\t\t\t<\/div>\n\t\t\t\t\t\t<\/div>\n\t\t\t\t<\/div>\n\t\t\t\t\t<\/div>\n\t\t\t\t<\/div>\n\t\t<div class=\"elementor-element elementor-element-ecb1f82 e-flex e-con-boxed e-con e-parent\" data-id=\"ecb1f82\" data-element_type=\"container\" data-e-type=\"container\">\n\t\t\t\t\t<div class=\"e-con-inner\">\n\t\t\t\t<div class=\"elementor-element elementor-element-a42f476 elementor-widget elementor-widget-heading\" data-id=\"a42f476\" data-element_type=\"widget\" data-e-type=\"widget\" data-widget_type=\"heading.default\">\n\t\t\t\t<div class=\"elementor-widget-container\">\n\t\t\t\t\t<h3 class=\"elementor-heading-title elementor-size-default\">Bayonne : combiner bien-\u00eatre et d\u00e9couverte culturelle<\/h3>\t\t\t\t<\/div>\n\t\t\t\t<\/div>\n\t\t\t\t<div class=\"elementor-element elementor-element-67aba12 elementor-widget elementor-widget-text-editor\" data-id=\"67aba12\" data-element_type=\"widget\" data-e-type=\"widget\" data-widget_type=\"text-editor.default\">\n\t\t\t\t<div class=\"elementor-widget-container\">\n\t\t\t\t\t\t\t\t\t<p><span style=\"font-weight: 400;\">\u00c0 seulement quelques kilom\u00e8tres d\u2019Anglet, Bayonne offre une v\u00e9ritable immersion dans l\u2019art de vivre basque. Au programme : une architecture typique, des ruelles anim\u00e9es et une gastronomie r\u00e9put\u00e9e.<\/span><\/p>\n<p><span style=\"font-weight: 400;\">Apr\u00e8s une journ\u00e9e consacr\u00e9e au repos ou aux soins, il est agr\u00e9able de fl\u00e2ner dans le centre historique, de profiter de l\u2019ambiance conviviale des terrasses ou de d\u00e9couvrir les sp\u00e9cialit\u00e9s locales.\u00a0<\/span><\/p>\n<p><span style=\"font-weight: 400;\">Belha Collection vous propose 2 adresses qui s\u2019adaptent \u00e0 votre budget<\/span><\/p>\t\t\t\t\t\t\t\t<\/div>\n\t\t\t\t<\/div>\n\t\t\t\t\t<\/div>\n\t\t\t\t<\/div>\n\t\t<div class=\"elementor-element elementor-element-af8af23 e-flex e-con-boxed e-con e-parent\" data-id=\"af8af23\" data-element_type=\"container\" data-e-type=\"container\">\n\t\t\t\t\t<div class=\"e-con-inner\">\n\t\t\t\t<div class=\"elementor-element elementor-element-891377b elementor-cta--skin-classic elementor-animated-content elementor-bg-transform elementor-bg-transform-zoom-in elementor-widget elementor-widget-call-to-action\" data-id=\"891377b\" data-element_type=\"widget\" data-e-type=\"widget\" data-widget_type=\"call-to-action.default\">\n\t\t\t\t<div class=\"elementor-widget-container\">\n\t\t\t\t\t\t\t<div class=\"elementor-cta\">\n\t\t\t\t\t\t\t<div class=\"elementor-cta__content\">\n\t\t\t\t\n\t\t\t\t\t\t\t\t\t<h2 class=\"elementor-cta__title elementor-cta__content-item elementor-content-item\">\n\t\t\t\t\t\tH\u00d4TEL 4 \u00c9TOILES LE BAYONNE\t\t\t\t\t<\/h2>\n\t\t\t\t\n\t\t\t\t\n\t\t\t\t\t\t\t\t\t<div class=\"elementor-cta__button-wrapper elementor-cta__content-item elementor-content-item\">\n\t\t\t\t\t<a class=\"elementor-cta__button elementor-button elementor-size-\" href=\"https:\/\/www.hotel-le-bayonne.com\/\" rel=\"nofollow noopener\" target=\"_blank\">\n\t\t\t\t\t\tDiscover\t\t\t\t\t<\/a>\n\t\t\t\t\t<\/div>\n\t\t\t\t\t\t\t<\/div>\n\t\t\t\t\t\t<\/div>\n\t\t\t\t\t\t<\/div>\n\t\t\t\t<\/div>\n\t\t\t\t<div class=\"elementor-element elementor-element-32d0b8d elementor-cta--skin-classic elementor-animated-content elementor-bg-transform elementor-bg-transform-zoom-in elementor-widget elementor-widget-call-to-action\" data-id=\"32d0b8d\" data-element_type=\"widget\" data-e-type=\"widget\" data-widget_type=\"call-to-action.default\">\n\t\t\t\t<div class=\"elementor-widget-container\">\n\t\t\t\t\t\t\t<div class=\"elementor-cta\">\n\t\t\t\t\t\t\t<div class=\"elementor-cta__content\">\n\t\t\t\t\n\t\t\t\t\t\t\t\t\t<h2 class=\"elementor-cta__title elementor-cta__content-item elementor-content-item\">\n\t\t\t\t\t\tH\u00d4TEL IBIS BUDGET BAYONNE\t\t\t\t\t<\/h2>\n\t\t\t\t\n\t\t\t\t\n\t\t\t\t\t\t\t\t\t<div class=\"elementor-cta__button-wrapper elementor-cta__content-item elementor-content-item\">\n\t\t\t\t\t<a class=\"elementor-cta__button elementor-button elementor-size-\" href=\"https:\/\/all.accor.com\/hotel\/3685\/index.fr.shtml\" rel=\"nofollow noopener\" target=\"_blank\">\n\t\t\t\t\t\tDiscover\t\t\t\t\t<\/a>\n\t\t\t\t\t<\/div>\n\t\t\t\t\t\t\t<\/div>\n\t\t\t\t\t\t<\/div>\n\t\t\t\t\t\t<\/div>\n\t\t\t\t<\/div>\n\t\t\t\t\t<\/div>\n\t\t\t\t<\/div>\n\t\t<div class=\"elementor-element elementor-element-0afa5da e-flex e-con-boxed e-con e-parent\" data-id=\"0afa5da\" data-element_type=\"container\" data-e-type=\"container\">\n\t\t\t\t\t<div class=\"e-con-inner\">\n\t\t\t\t<div class=\"elementor-element elementor-element-e677b95 elementor-widget elementor-widget-heading\" data-id=\"e677b95\" data-element_type=\"widget\" data-e-type=\"widget\" data-widget_type=\"heading.default\">\n\t\t\t\t<div class=\"elementor-widget-container\">\n\t\t\t\t\t<h3 class=\"elementor-heading-title elementor-size-default\">Saint-Jean-de-Luz : charme authentique et douceur de vivre\n<\/h3>\t\t\t\t<\/div>\n\t\t\t\t<\/div>\n\t\t\t\t<div class=\"elementor-element elementor-element-150a1b7 elementor-widget elementor-widget-text-editor\" data-id=\"150a1b7\" data-element_type=\"widget\" data-e-type=\"widget\" data-widget_type=\"text-editor.default\">\n\t\t\t\t<div class=\"elementor-widget-container\">\n\t\t\t\t\t\t\t\t\t<p><span style=\"font-weight: 400;\">Au sud de la C\u00f4te Basque, Saint-Jean-de-Luz est une ville tr\u00e8s paisible. Cette station baln\u00e9aire r\u00e9put\u00e9e m\u00eale patrimoine historique, plages prot\u00e9g\u00e9es et atmosph\u00e8re conviviale. Le port historique, longtemps au c\u0153ur de l\u2019activit\u00e9 locale, participe encore aujourd\u2019hui au charme de la ville et \u00e0 son identit\u00e9 profond\u00e9ment basque.<\/span><\/p>\n<p><span style=\"font-weight: 400;\">Nos h\u00f4tels <\/span><span style=\"font-weight: 400;\">Ibis Ciboure<\/span><span style=\"font-weight: 400;\"> and <\/span><span style=\"font-weight: 400;\">Ibis Budget Ciboure Saint\u2011Jean\u2011de\u2011Luz<\/span><span style=\"font-weight: 400;\"> permettent de s\u00e9journer \u00e0 proximit\u00e9 imm\u00e9diate de la mer et du centre-ville, pour profiter pleinement de l\u2019atmosph\u00e8re typique de la r\u00e9gion.<\/span><\/p>\t\t\t\t\t\t\t\t<\/div>\n\t\t\t\t<\/div>\n\t\t\t\t\t<\/div>\n\t\t\t\t<\/div>\n\t\t<div class=\"elementor-element elementor-element-9dd0577 e-flex e-con-boxed e-con e-parent\" data-id=\"9dd0577\" data-element_type=\"container\" data-e-type=\"container\">\n\t\t\t\t\t<div class=\"e-con-inner\">\n\t\t\t\t<div class=\"elementor-element elementor-element-f51665c elementor-cta--skin-classic elementor-animated-content elementor-bg-transform elementor-bg-transform-zoom-in elementor-widget elementor-widget-call-to-action\" data-id=\"f51665c\" data-element_type=\"widget\" data-e-type=\"widget\" data-widget_type=\"call-to-action.default\">\n\t\t\t\t<div class=\"elementor-widget-container\">\n\t\t\t\t\t\t\t<div class=\"elementor-cta\">\n\t\t\t\t\t\t\t<div class=\"elementor-cta__content\">\n\t\t\t\t\n\t\t\t\t\t\t\t\t\t<h2 class=\"elementor-cta__title elementor-cta__content-item elementor-content-item\">\n\t\t\t\t\t\tIBIS CIBOURE\t\t\t\t\t<\/h2>\n\t\t\t\t\n\t\t\t\t\n\t\t\t\t\t\t\t\t\t<div class=\"elementor-cta__button-wrapper elementor-cta__content-item elementor-content-item\">\n\t\t\t\t\t<a class=\"elementor-cta__button elementor-button elementor-size-\" href=\"https:\/\/all.accor.com\/hotel\/6553\/index.fr.shtml\" rel=\"nofollow noopener\" target=\"_blank\">\n\t\t\t\t\t\tDiscover\t\t\t\t\t<\/a>\n\t\t\t\t\t<\/div>\n\t\t\t\t\t\t\t<\/div>\n\t\t\t\t\t\t<\/div>\n\t\t\t\t\t\t<\/div>\n\t\t\t\t<\/div>\n\t\t\t\t<div class=\"elementor-element elementor-element-06d2c95 elementor-cta--skin-classic elementor-animated-content elementor-bg-transform elementor-bg-transform-zoom-in elementor-widget elementor-widget-call-to-action\" data-id=\"06d2c95\" data-element_type=\"widget\" data-e-type=\"widget\" data-widget_type=\"call-to-action.default\">\n\t\t\t\t<div class=\"elementor-widget-container\">\n\t\t\t\t\t\t\t<div class=\"elementor-cta\">\n\t\t\t\t\t\t\t<div class=\"elementor-cta__content\">\n\t\t\t\t\n\t\t\t\t\t\t\t\t\t<h2 class=\"elementor-cta__title elementor-cta__content-item elementor-content-item\">\n\t\t\t\t\t\tIBIS BUDGET CIBOURE SAINT-JEAN-DE-LUZ\t\t\t\t\t<\/h2>\n\t\t\t\t\n\t\t\t\t\n\t\t\t\t\t\t\t\t\t<div class=\"elementor-cta__button-wrapper elementor-cta__content-item elementor-content-item\">\n\t\t\t\t\t<a class=\"elementor-cta__button elementor-button elementor-size-\" href=\"https:\/\/all.accor.com\/hotel\/6560\/index.fr.shtml\" rel=\"nofollow noopener\" target=\"_blank\">\n\t\t\t\t\t\tDiscover\t\t\t\t\t<\/a>\n\t\t\t\t\t<\/div>\n\t\t\t\t\t\t\t<\/div>\n\t\t\t\t\t\t<\/div>\n\t\t\t\t\t\t<\/div>\n\t\t\t\t<\/div>\n\t\t\t\t\t<\/div>\n\t\t\t\t<\/div>\n\t\t<div class=\"elementor-element elementor-element-d6fd131 e-flex e-con-boxed e-con e-parent\" data-id=\"d6fd131\" data-element_type=\"container\" data-e-type=\"container\">\n\t\t\t\t\t<div class=\"e-con-inner\">\n\t\t\t\t<div class=\"elementor-element elementor-element-d05f362 elementor-widget elementor-widget-heading\" data-id=\"d05f362\" data-element_type=\"widget\" data-e-type=\"widget\" data-widget_type=\"heading.default\">\n\t\t\t\t<div class=\"elementor-widget-container\">\n\t\t\t\t\t<h2 class=\"elementor-heading-title elementor-size-default\">Un dernier mot avant de partir\u2026<\/h2>\t\t\t\t<\/div>\n\t\t\t\t<\/div>\n\t\t\t\t<div class=\"elementor-element elementor-element-8dfc79d elementor-widget elementor-widget-text-editor\" data-id=\"8dfc79d\" data-element_type=\"widget\" data-e-type=\"widget\" data-widget_type=\"text-editor.default\">\n\t\t\t\t<div class=\"elementor-widget-container\">\n\t\t\t\t\t\t\t\t\t<p><span style=\"font-weight: 400;\">Choisir sa thalasso sur la C\u00f4te Basque, c\u2019est avant tout d\u00e9finir ce qui correspond le mieux \u00e0 votre rythme et \u00e0 vos attentes. Week-end d\u00e9tente ou cure plus compl\u00e8te, objectif relaxation, remise en forme ou simple pause ressour\u00e7ante : chaque s\u00e9jour peut \u00eatre adapt\u00e9 selon vos envies, votre budget et le temps dont vous disposez.<\/span><\/p>\n<p><span style=\"font-weight: 400;\">Que vous d\u00e9couvriez la thalasso pour la premi\u00e8re fois ou que vous souhaitiez prolonger ses bienfaits, la C\u00f4te Basque vous attend et vous fera du bien\u00a0!<\/span><\/p>\t\t\t\t\t\t\t\t<\/div>\n\t\t\t\t<\/div>\n\t\t\t\t\t<\/div>\n\t\t\t\t<\/div>\n\t\t\t\t<\/div>","protected":false},"excerpt":{"rendered":"<p>Prestations, budget, type de s\u00e9jour, dur\u00e9e : voici nos conseils pour trouver la thalassoth\u00e9rapie id\u00e9ale sur la C\u00f4te Basque.<\/p>","protected":false},"author":21,"featured_media":5603,"comment_status":"closed","ping_status":"closed","sticky":false,"template":"","format":"standard","meta":{"inline_featured_image":false,"footnotes":""},"categories":[28],"tags":[],"class_list":["post-5577","post","type-post","status-publish","format-standard","has-post-thumbnail","hentry","category-actualites"],"_links":{"self":[{"href":"https:\/\/www.belha-collection.com\/en\/wp-json\/wp\/v2\/posts\/5577","targetHints":{"allow":["GET"]}}],"collection":[{"href":"https:\/\/www.belha-collection.com\/en\/wp-json\/wp\/v2\/posts"}],"about":[{"href":"https:\/\/www.belha-collection.com\/en\/wp-json\/wp\/v2\/types\/post"}],"author":[{"embeddable":true,"href":"https:\/\/www.belha-collection.com\/en\/wp-json\/wp\/v2\/users\/21"}],"replies":[{"embeddable":true,"href":"https:\/\/www.belha-collection.com\/en\/wp-json\/wp\/v2\/comments?post=5577"}],"version-history":[{"count":50,"href":"https:\/\/www.belha-collection.com\/en\/wp-json\/wp\/v2\/posts\/5577\/revisions"}],"predecessor-version":[{"id":5659,"href":"https:\/\/www.belha-collection.com\/en\/wp-json\/wp\/v2\/posts\/5577\/revisions\/5659"}],"wp:featuredmedia":[{"embeddable":true,"href":"https:\/\/www.belha-collection.com\/en\/wp-json\/wp\/v2\/media\/5603"}],"wp:attachment":[{"href":"https:\/\/www.belha-collection.com\/en\/wp-json\/wp\/v2\/media?parent=5577"}],"wp:term":[{"taxonomy":"category","embeddable":true,"href":"https:\/\/www.belha-collection.com\/en\/wp-json\/wp\/v2\/categories?post=5577"},{"taxonomy":"post_tag","embeddable":true,"href":"https:\/\/www.belha-collection.com\/en\/wp-json\/wp\/v2\/tags?post=5577"}],"curies":[{"name":"wp","href":"https:\/\/api.w.org\/{rel}","templated":true}]}}